    {"id":3382,"date":"2025-09-12T15:06:00","date_gmt":"2025-09-12T15:06:00","guid":{"rendered":"https:\/\/breakingnewsfront.com\/?p=3382"},"modified":"2025-09-07T15:28:54","modified_gmt":"2025-09-07T15:28:54","slug":"tendencias-de-sociedad-para-2025-que-cambia-y-por-que","status":"publish","type":"post","link":"http:\/\/breakingnewsfront.com\/es_d\/tendencias-de-sociedad-para-2025-que-cambia-y-por-que\/","title":{"rendered":"Tendencias de sociedad para 2025: qu\u00e9 cambia y por qu\u00e9"},"content":{"rendered":"<p><strong>tendencias sociedad 2025<\/strong> marcan un punto de inflexi\u00f3n. \u00bfQu\u00e9 ver\u00e1s en tu d\u00eda a d\u00eda cuando la tecnolog\u00eda, la pol\u00edtica y la econom\u00eda convergen?<\/p>\n\n\n\n<p>En el nuevo panorama global, la adopci\u00f3n de <strong>IA<\/strong> y la automatizaci\u00f3n crecen en empresas y gobiernos. Ver\u00e1s cambios en tu trabajo y en los servicios que usas.<\/p>\n\n\n\n<p>La inflaci\u00f3n podr\u00eda acercarse al 2% y eso tiene <em>impacto<\/em> en tus cuentas y decisiones. Al mismo tiempo, la tokenizaci\u00f3n y las criptomonedas ganan tracci\u00f3n tras movimientos pol\u00edticos clave.<\/p>\n\n\n\n<p>Tambi\u00e9n aumentan los riesgos: ciberataques m\u00e1s sofisticados, debates sobre energ\u00eda nuclear y mayor gasto en defensa. La computaci\u00f3n cu\u00e1ntica promete avances, pero a\u00f1ade desaf\u00edos de seguridad.<\/p>\n\n\n\n<p>Este texto invita a mirar datos con sentido cr\u00edtico. No prometemos certezas, s\u00ed te damos claves pr\u00e1cticas para entender los cambios en tu <strong>vida<\/strong> y en el <strong>mundo<\/strong> cercano.<\/p>\n\n\n\n<h2 class=\"wp-block-heading\">Introducci\u00f3n: tendencias sociedad 2025 en un mundo interconectado<\/h2>\n\n\n\n<p>El a\u00f1o marca un punto donde econom\u00eda, tecnolog\u00eda y decisiones p\u00fablicas se entrelazan y afectan lo que haces cada d\u00eda.<\/p>\n\n\n\n<p>Te explicamos el contexto global en lenguaje claro. Ver\u00e1s por qu\u00e9 las <strong>pol\u00edticas<\/strong> p\u00fablicas y las decisiones monetarias tienen impacto directo en las <strong>personas<\/strong> y en el mercado laboral.<\/p>\n\n\n\n<p>La <em>evoluci\u00f3n<\/em> reciente de la innovaci\u00f3n y los mercados cambia expectativas y normas de comunicaci\u00f3n entre gobiernos, empresas y ciudadan\u00eda.<\/p>\n\n\n\n<p>Para valorar con <strong>confianza<\/strong> lo que se anticipa, revisamos se\u00f1ales s\u00f3lidas y l\u00edmites. No garantizamos resultados: te animamos a consultar especialistas y fuentes oficiales.<\/p>\n\n\n\n<ul>\n<li>Qu\u00e9 ver\u00e1s en tu d\u00eda a d\u00eda y qu\u00e9 responde a cambios reales.<\/li>\n\n\n\n<li>C\u00f3mo distinguir moda pasajera de tendencias con impacto en el medio plazo.<\/li>\n\n\n\n<li>Preguntas clave que guiar\u00e1n el resto del art\u00edculo para priorizar lo que te afecta.<\/li>\n<\/ul>\n\n\n\n<blockquote class=\"wp-block-quote\">\n<p>&#8220;La informaci\u00f3n fluye m\u00e1s r\u00e1pido, pero la interpretaci\u00f3n requiere criterio y datos verificables.&#8221;<\/p>\n<\/blockquote>\n\n\n\n<h2 class=\"wp-block-heading\">Tendencias sociedad 2025<\/h2>\n\n\n\n<p>Ver\u00e1s c\u00f3mo varias <strong>tecnolog\u00edas<\/strong> clave se mezclan en tu d\u00eda a d\u00eda y cambian procesos en el trabajo y en casa.<\/p>\n\n\n\n<figure class=\"wp-block-embed is-type-video is-provider-youtube wp-block-embed-youtube wp-embed-aspect-16-9 wp-has-aspect-ratio\"><div class=\"wp-block-embed__wrapper\">\n<iframe loading=\"lazy\" title=\"\u2705\ufe0f 2025 EL A\u00d1O DE LA IA: TENDENCIAS INTELIGENCIA ARTIFICIAL\" width=\"500\" height=\"281\" src=\"https:\/\/www.youtube.com\/embed\/dSOWpbRIs4M?feature=oembed\" frameborder=\"0\" allow=\"accelerometer; autoplay; clipboard-write; encrypted-media; gyroscope; picture-in-picture; web-share\" referrerpolicy=\"strict-origin-when-cross-origin\" allowfullscreen><\/iframe>\n<\/div><\/figure>\n\n\n\n<h3 class=\"wp-block-heading\">Inteligencia artificial e hiperautomatizaci\u00f3n<\/h3>\n\n\n\n<p>La <strong>inteligencia artificial<\/strong> sigue su <em>adopci\u00f3n<\/em> en asistentes, copilotos y gesti\u00f3n de tareas. Mejoran la <strong>eficiencia<\/strong>, pero debes revisar sesgos y calidad de datos antes de escalar.<\/p>\n\n\n\n<h3 class=\"wp-block-heading\">Blockchain, tokenizaci\u00f3n y DeFi<\/h3>\n\n\n\n<p>En cadenas de suministro y contratos, el blockchain aporta trazabilidad y confianza. La tokenizaci\u00f3n tiene sentido en activos reales y programas de fidelidad, no en promesas sin control.<\/p>\n\n\n\n<h3 class=\"wp-block-heading\">Ciberseguridad predictiva y criptograf\u00eda post-cu\u00e1ntica<\/h3>\n\n\n\n<p>La <strong>ciberseguridad<\/strong> usa an\u00e1lisis de comportamiento para anticipar ataques. La criptograf\u00eda post-cu\u00e1ntica exige planes de migraci\u00f3n de claves para proteger datos sensibles.<\/p>\n\n\n\n<h3 class=\"wp-block-heading\">Computaci\u00f3n cu\u00e1ntica y riesgos<\/h3>\n\n\n\n<p>La <em>innovaci\u00f3n<\/em> cu\u00e1ntica acelera descubrimientos, pero compromete sistemas actuales. Las organizaciones deben dise\u00f1ar contingencias y auditor\u00edas de confianza.<\/p>\n\n\n\n<h3 class=\"wp-block-heading\">Tecnolog\u00edas biom\u00e9tricas, inmersi\u00f3n y microcomunidades<\/h3>\n\n\n\n<p>Ver\u00e1s biometr\u00eda en pagos y acceso; exige consentimiento y almacenamiento seguro. Experiencias inmersivas y microcomunidades transforman la <strong>comunicaci\u00f3n<\/strong> y el consumo con mayor inclusi\u00f3n.<\/p>\n\n\n\n<blockquote class=\"wp-block-quote\">\n<p>&#8220;Adopta con criterio: la digitalizaci\u00f3n ayuda, pero la responsabilidad y la verificaci\u00f3n siguen siendo clave.&#8221;<\/p>\n<\/blockquote>\n\n\n\n<ul>\n<li>Eval\u00faa beneficios y l\u00edmites \u00e9ticos antes de implementar.<\/li>\n\n\n\n<li>Contrasta informaci\u00f3n con expertos y fuentes oficiales.<\/li>\n\n\n\n<li>Prioriza seguridad y transparencia en cada proyecto.<\/li>\n<\/ul>\n\n\n\n<h2 class=\"wp-block-heading\">Econom\u00eda y finanzas 2025: inflaci\u00f3n, mercados y adopci\u00f3n tecnol\u00f3gica<\/h2>\n\n\n\n<p>La econom\u00eda entra en una fase de ajuste que afecta precios, cr\u00e9dito y decisiones cotidianas. Se espera que la inflaci\u00f3n converja hacia el <strong>2%<\/strong>, tras pol\u00edticas restrictivas iniciadas en 2022.<\/p>\n\n\n\n<p><strong>Inflaci\u00f3n y renta fija:<\/strong> si la Fed inicia recortes y el BCE reduce tasas por debilidad, la renta fija podr\u00eda mejorar tras a\u00f1os de retornos negativos. Esto no garantiza ganancias; revisa plazos y riesgo de cr\u00e9dito.<\/p>\n\n\n\n<h3 class=\"wp-block-heading\">Inflaci\u00f3n hacia el 2%, renta fija y el papel de la Fed y el BCE<\/h3>\n\n\n\n<p>Los movimientos de bancos centrales influyen en el coste del dinero y en tu poder de compra. Preg\u00fantate c\u00f3mo cambios en tipos afectan tus pr\u00e9stamos y metas de ahorro.<\/p>\n\n\n\n<h3 class=\"wp-block-heading\">Reactivaci\u00f3n de fusiones y adquisiciones y concentraci\u00f3n empresarial<\/h3>\n\n\n\n<p>Se prev\u00e9 mayor actividad de M&amp;A. Esto impulsa consolidaci\u00f3n y riesgo de concentraci\u00f3n en \u00edndices. Diversificar reduce exposici\u00f3n a grandes <strong>empresas<\/strong>.<\/p>\n\n\n\n<h3 class=\"wp-block-heading\">Criptomonedas, tokenizaci\u00f3n y gesti\u00f3n del riesgo<\/h3>\n\n\n\n<p>Cripto toc\u00f3 m\u00e1ximos y la tokenizaci\u00f3n avanza. Prioriza custodia, liquidez y cumplimiento regulatorio. La <em>transformaci\u00f3n<\/em> financiera trae oportunidades, pero exige gesti\u00f3n de riesgos.<\/p>\n\n\n\n<blockquote class=\"wp-block-quote\">\n<p>&#8220;Conf\u00eda en datos oficiales y ases\u00f3rate antes de tomar decisiones financieras.&#8221;<\/p>\n<\/blockquote>\n\n\n\n<ul>\n<li>Entiende el impacto de la inflaci\u00f3n en tu presupuesto.<\/li>\n\n\n\n<li>Eval\u00faa plazos y contrapartes en renta fija.<\/li>\n\n\n\n<li>Cuida la diversificaci\u00f3n y la seguridad en criptoactivos.<\/li>\n<\/ul>\n\n\n\n<h2 class=\"wp-block-heading\">Trabajo, productividad y organizaciones: IA generativa, gesti\u00f3n y bienestar<\/h2>\n\n\n\n<p><strong>Los l\u00edderes de empresas<\/strong> enfrentan el reto de integrar copilotos de IA sin perder control humano sobre los procesos.<\/p>\n\n\n\n<p>Comienza con pilotos cortos en soporte, finanzas o atenci\u00f3n. Define objetivos claros y m\u00e9tricas sencillas: tiempo por tarea, tasa de errores y satisfacci\u00f3n interna.<\/p>\n\n\n\n<figure class=\"wp-block-image aligncenter\"><img loading=\"lazy\" decoding=\"async\" width=\"960\" height=\"768\" src=\"https:\/\/breakingnewsfront.com\/wp-content\/uploads\/sites\/98\/2025\/09\/copilotos-IA-empresas.jpeg\" alt=\"copilotos IA empresas\" class=\"wp-image-3384\" title=\"copilotos IA empresas\" srcset=\"http:\/\/breakingnewsfront.com\/wp-content\/uploads\/sites\/98\/2025\/09\/copilotos-IA-empresas.jpeg 960w, http:\/\/breakingnewsfront.com\/wp-content\/uploads\/sites\/98\/2025\/09\/copilotos-IA-empresas-300x240.jpeg 300w, http:\/\/breakingnewsfront.com\/wp-content\/uploads\/sites\/98\/2025\/09\/copilotos-IA-empresas-768x614.jpeg 768w, http:\/\/breakingnewsfront.com\/wp-content\/uploads\/sites\/98\/2025\/09\/copilotos-IA-empresas-15x12.jpeg 15w\" sizes=\"(max-width: 960px) 100vw, 960px\" \/><\/figure>\n\n\n\n<h3 class=\"wp-block-heading\">Copilotos de IA en procesos: integraci\u00f3n, eficiencia y habilidades<\/h3>\n\n\n\n<p>Introduce copilotos como herramientas que apoyan, no reemplazan. Forma a equipos en prompting, verificaci\u00f3n de resultados y privacidad de datos.<\/p>\n\n\n\n<p><strong>Medici\u00f3n<\/strong> continua y revisi\u00f3n de sesgos garantizan valor real antes de escalar. Consulta especialistas en protecci\u00f3n de datos y compliance cuando sea necesario.<\/p>\n\n\n\n<h3 class=\"wp-block-heading\">Trabajo h\u00edbrido, pol\u00edticas laborales y bienestar integral<\/h3>\n\n\n\n<p>Adopta herramientas colaborativas que faciliten coordinaci\u00f3n y reglas simples para horarios y entregas.<\/p>\n\n\n\n<p>Dise\u00f1a pol\u00edticas de desconexi\u00f3n y apoyo a la salud mental. El bienestar mejora la retenci\u00f3n y la productividad.<\/p>\n\n\n\n<blockquote class=\"wp-block-quote\">\n<p>&#8220;Pilotos breves y comunicaci\u00f3n transparente reducen la resistencia al cambio.&#8221;<\/p>\n<\/blockquote>\n\n\n\n<ul>\n<li>Prioriza \u00e9tica y capacitaci\u00f3n gradual.<\/li>\n\n\n\n<li>Controla accesos y revisa datos sensibles con proveedores.<\/li>\n\n\n\n<li>Reserva creatividad humana y automatiza tareas repetitivas.<\/li>\n<\/ul>\n\n\n\n<h2 class=\"wp-block-heading\">Seguridad digital y resiliencia: ciberataques, inversi\u00f3n y pol\u00edticas<\/h2>\n\n\n\n<p>Ante amenazas m\u00e1s sofisticadas, conviene definir pasos concretos que reduzcan el impacto y restauren operaciones r\u00e1pido.<\/p>\n\n\n\n<h3 class=\"wp-block-heading\">Prioridades pr\u00e1cticas para empresas y sector p\u00fablico<\/h3>\n\n\n\n<p>Empieza por un inventario de activos y segmentaci\u00f3n de redes. A\u00f1ade <strong>autenticaci\u00f3n multifactor<\/strong> y copias inmutables para datos cr\u00edticos.<\/p>\n\n\n\n<p>Integra detecci\u00f3n y respuesta r\u00e1pida (EDR\/SIEM) y practica simulacros para mejorar tu <strong>capacidad<\/strong> de reacci\u00f3n.<\/p>\n\n\n\n<h3 class=\"wp-block-heading\">Datos, cumplimiento y confianza en un entorno digital acelerado<\/h3>\n\n\n\n<p>La protecci\u00f3n de datos y el cumplimiento fortalecen la <strong>confianza<\/strong> de clientes y ciudadanos.<\/p>\n\n\n\n<ul>\n<li>Revisa acuerdos con proveedores y pide auditor\u00edas sencillas.<\/li>\n\n\n\n<li>Forma equipos en phishing y configuraciones seguras.<\/li>\n\n\n\n<li>Alinea controles con marcos como NIST o ISO seg\u00fan tu tama\u00f1o.<\/li>\n<\/ul>\n\n\n\n<h3 class=\"wp-block-heading\">Geopol\u00edtica, gasto en defensa y su efecto en la seguridad<\/h3>\n\n\n\n<p>El aumento estructural del gasto en defensa y tensiones internacionales elevan riesgos en la cadena digital.<\/p>\n\n\n\n<p>Prepara una transici\u00f3n ordenada hacia la criptograf\u00eda post-cu\u00e1ntica: sin prisa, pero sin pausa.<\/p>\n\n\n\n<blockquote class=\"wp-block-quote\">\n<p>&#8220;Invierte en prevenci\u00f3n y en planes de recuperaci\u00f3n: la seguridad no es infalible, pero reduce el da\u00f1o.&#8221;<\/p>\n<\/blockquote>\n\n\n\n<h2 class=\"wp-block-heading\">Sostenibilidad, consumo y ciudades: de la innovaci\u00f3n verde a la econom\u00eda circular<\/h2>\n\n\n\n<p>La <strong>innovaci\u00f3n<\/strong> en energ\u00eda y materiales trae soluciones pr\u00e1cticas que debes evaluar con ojos cr\u00edticos.<\/p>\n\n\n\n<h3 class=\"wp-block-heading\">GreenTech, energ\u00eda y el debate sobre la energ\u00eda nuclear<\/h3>\n\n\n\n<p>GreenTech mejora eficiencia y reduce emisiones, pero no todo es perfecto. Revisa datos de rendimiento, costos y reciclabilidad.<\/p>\n\n\n\n<p><strong>La energ\u00eda nuclear<\/strong> aparece como opci\u00f3n para descarbonizar, pero plantea dudas sobre residuos y seguridad. Pregunta por planes de gesti\u00f3n, costos a largo plazo y supervisi\u00f3n regulatoria antes de aceptar proyectos locales.<\/p>\n\n\n\n<h3 class=\"wp-block-heading\">Econom\u00eda circular, log\u00edstica y cadenas de suministro<\/h3>\n\n\n\n<p>La econom\u00eda circular fomenta reutilizar y reparar. Busca productos con pol\u00edticas claras de devoluci\u00f3n y embalaje reciclable.<\/p>\n\n\n\n<ul>\n<li>Optimiza rutas y adopta combustibles alternativos para reducir emisiones.<\/li>\n\n\n\n<li>Mide datos de carga para mejorar eficiencia y reducir coste.<\/li>\n\n\n\n<li>Aprovecha oportunidades en reparaci\u00f3n y posventa si tienes una pyme.<\/li>\n<\/ul>\n\n\n\n<h3 class=\"wp-block-heading\">Dise\u00f1o biof\u00edlico y salud urbana<\/h3>\n\n\n\n<p>El dise\u00f1o biof\u00edlico integra luz, ventilaci\u00f3n y vegetaci\u00f3n para mejorar bienestar. Es pr\u00e1ctico y mejora la calidad de vida urbana.<\/p>\n\n\n\n<blockquote class=\"wp-block-quote\">\n<p>&#8220;Consulta fuentes oficiales sobre impacto ambiental y salud antes de apoyar grandes proyectos energ\u00e9ticos.&#8221;<\/p>\n<\/blockquote>\n\n\n\n<h2 class=\"wp-block-heading\">Conclusi\u00f3n<\/h2>\n\n\n\n<p><strong>Un enfoque cr\u00edtico<\/strong> te ayuda a distinguir ruido de se\u00f1ales \u00fatiles. Observa las se\u00f1ales del mercado y prioriza seg\u00fan impacto y tiempo de preparaci\u00f3n.<\/p>\n\n\n\n<p>Las empresas que oyen datos ajustan su gesti\u00f3n con menos fricci\u00f3n. La <strong>inteligencia artificial<\/strong> y la <strong>tecnolog\u00eda<\/strong> ofrecen oportunidades reales, pero su adopci\u00f3n exige gobierno de datos y evaluaci\u00f3n continua.<\/p>\n\n\n\n<p>Identifica aspectos clave para 2025: inflaci\u00f3n, concentraci\u00f3n de \u00edndices, ciberamenazas y sostenibilidad. Actualiza tu formaci\u00f3n y revisa el sector con regularidad.<\/p>\n\n\n\n<p><em>No aceptes certezas absolutas.<\/em> Si una decisi\u00f3n es sensible, consulta fuentes oficiales o especialistas. Mant\u00e9n la mirada en el futuro: aprovecha oportunidades, mide el impacto y ajusta tu rumbo con prudencia.<\/p>","protected":false},"excerpt":{"rendered":"<p>tendencias sociedad 2025 marcan un punto de inflexi\u00f3n. \u00bfQu\u00e9 ver\u00e1s en tu d\u00eda a d\u00eda cuando la tecnolog\u00eda, la pol\u00edtica y la econom\u00eda convergen? En el nuevo panorama global, la adopci\u00f3n de IA y la automatizaci\u00f3n crecen en empresas y gobiernos. Ver\u00e1s cambios en tu trabajo y en los servicios que usas. La inflaci\u00f3n podr\u00eda [&hellip;]<\/p>","protected":false},"author":50,"featured_media":3383,"comment_status":"closed","ping_status":"open","sticky":false,"template":"","format":"standard","meta":{"footnotes":""},"categories":[41],"tags":[215,210,214,217,216,213],"yoast_head":"<!-- This site is optimized with the Yoast SEO Premium plugin v18.7 (Yoast SEO v23.3) - https:\/\/yoast.com\/wordpress\/plugins\/seo\/ -->\n<title>Tendencias de sociedad para 2025: qu\u00e9 cambia y por qu\u00e9<\/title>\n<meta name=\"description\" content=\"Tendencias sociedad 2025: \u00bfQu\u00e9 cambios sociales nos esperan? An\u00e1lisis de las tendencias que definir\u00e1n el futuro de nuestra sociedad.\" \/>\n<meta name=\"robots\" content=\"index, follow, max-snippet:-1, max-image-preview:large, max-video-preview:-1\" \/>\n<link rel=\"canonical\" href=\"http:\/\/breakingnewsfront.com\/es_d\/tendencias-de-sociedad-para-2025-que-cambia-y-por-que\/\" \/>\n<meta property=\"og:locale\" content=\"es_ES\" \/>\n<meta property=\"og:type\" content=\"article\" \/>\n<meta property=\"og:title\" content=\"Tendencias de sociedad para 2025: qu\u00e9 cambia y por qu\u00e9\" \/>\n<meta property=\"og:description\" content=\"Tendencias sociedad 2025: \u00bfQu\u00e9 cambios sociales nos esperan? An\u00e1lisis de las tendencias que definir\u00e1n el futuro de nuestra sociedad.\" \/>\n<meta property=\"og:url\" content=\"http:\/\/breakingnewsfront.com\/es_d\/tendencias-de-sociedad-para-2025-que-cambia-y-por-que\/\" \/>\n<meta property=\"og:site_name\" content=\"breakingnewsfront\" \/>\n<meta property=\"article:published_time\" content=\"2025-09-12T15:06:00+00:00\" \/>\n<meta property=\"article:modified_time\" content=\"2025-09-07T15:28:54+00:00\" \/>\n<meta property=\"og:image\" content=\"http:\/\/breakingnewsfront.com\/wp-content\/uploads\/sites\/98\/2025\/09\/tendencias-sociedad-2025.jpeg\" \/>\n\t<meta property=\"og:image:width\" content=\"960\" \/>\n\t<meta property=\"og:image:height\" content=\"768\" \/>\n\t<meta property=\"og:image:type\" content=\"image\/jpeg\" \/>\n<meta name=\"author\" content=\"Publishing Team\" \/>\n<meta name=\"twitter:card\" content=\"summary_large_image\" \/>\n<meta name=\"twitter:label1\" content=\"Written by\" \/>\n\t<meta name=\"twitter:data1\" content=\"Publishing Team\" \/>\n\t<meta name=\"twitter:label2\" content=\"Est. reading time\" \/>\n\t<meta name=\"twitter:data2\" content=\"7 minutos\" \/>\n<script type=\"application\/ld+json\" class=\"yoast-schema-graph\">{\"@context\":\"https:\/\/schema.org\",\"@graph\":[{\"@type\":\"Article\",\"@id\":\"http:\/\/breakingnewsfront.com\/tendencias-de-sociedad-para-2025-que-cambia-y-por-que\/#article\",\"isPartOf\":{\"@id\":\"http:\/\/breakingnewsfront.com\/tendencias-de-sociedad-para-2025-que-cambia-y-por-que\/\"},\"author\":{\"name\":\"Publishing Team\",\"@id\":\"https:\/\/breakingnewsfront.com\/es\/#\/schema\/person\/00089a223ef6bc638e65578e97bf669d\"},\"headline\":\"Tendencias de sociedad para 2025: qu\u00e9 cambia y por qu\u00e9\",\"datePublished\":\"2025-09-12T15:06:00+00:00\",\"dateModified\":\"2025-09-07T15:28:54+00:00\",\"mainEntityOfPage\":{\"@id\":\"http:\/\/breakingnewsfront.com\/tendencias-de-sociedad-para-2025-que-cambia-y-por-que\/\"},\"wordCount\":1542,\"publisher\":{\"@id\":\"https:\/\/breakingnewsfront.com\/es\/#organization\"},\"image\":{\"@id\":\"http:\/\/breakingnewsfront.com\/tendencias-de-sociedad-para-2025-que-cambia-y-por-que\/#primaryimage\"},\"thumbnailUrl\":\"http:\/\/breakingnewsfront.com\/wp-content\/uploads\/sites\/98\/2025\/09\/tendencias-sociedad-2025.jpeg\",\"keywords\":[\"Cambios Sociales 2025\",\"Desarrollo sostenible\",\"Futuro de la Sociedad\",\"Impacto Tecnol\u00f3gico\",\"Innovaci\u00f3n Social\",\"Tendencias Sociales\"],\"articleSection\":[\"Sociedad\"],\"inLanguage\":\"es\"},{\"@type\":\"WebPage\",\"@id\":\"http:\/\/breakingnewsfront.com\/tendencias-de-sociedad-para-2025-que-cambia-y-por-que\/\",\"url\":\"http:\/\/breakingnewsfront.com\/tendencias-de-sociedad-para-2025-que-cambia-y-por-que\/\",\"name\":\"Tendencias de sociedad para 2025: qu\u00e9 cambia y por qu\u00e9\",\"isPartOf\":{\"@id\":\"https:\/\/breakingnewsfront.com\/es\/#website\"},\"primaryImageOfPage\":{\"@id\":\"http:\/\/breakingnewsfront.com\/tendencias-de-sociedad-para-2025-que-cambia-y-por-que\/#primaryimage\"},\"image\":{\"@id\":\"http:\/\/breakingnewsfront.com\/tendencias-de-sociedad-para-2025-que-cambia-y-por-que\/#primaryimage\"},\"thumbnailUrl\":\"http:\/\/breakingnewsfront.com\/wp-content\/uploads\/sites\/98\/2025\/09\/tendencias-sociedad-2025.jpeg\",\"datePublished\":\"2025-09-12T15:06:00+00:00\",\"dateModified\":\"2025-09-07T15:28:54+00:00\",\"description\":\"Tendencias sociedad 2025: \u00bfQu\u00e9 cambios sociales nos esperan? An\u00e1lisis de las tendencias que definir\u00e1n el futuro de nuestra sociedad.\",\"breadcrumb\":{\"@id\":\"http:\/\/breakingnewsfront.com\/tendencias-de-sociedad-para-2025-que-cambia-y-por-que\/#breadcrumb\"},\"inLanguage\":\"es\",\"potentialAction\":[{\"@type\":\"ReadAction\",\"target\":[\"http:\/\/breakingnewsfront.com\/tendencias-de-sociedad-para-2025-que-cambia-y-por-que\/\"]}]},{\"@type\":\"ImageObject\",\"inLanguage\":\"es\",\"@id\":\"http:\/\/breakingnewsfront.com\/tendencias-de-sociedad-para-2025-que-cambia-y-por-que\/#primaryimage\",\"url\":\"http:\/\/breakingnewsfront.com\/wp-content\/uploads\/sites\/98\/2025\/09\/tendencias-sociedad-2025.jpeg\",\"contentUrl\":\"http:\/\/breakingnewsfront.com\/wp-content\/uploads\/sites\/98\/2025\/09\/tendencias-sociedad-2025.jpeg\",\"width\":960,\"height\":768,\"caption\":\"tendencias sociedad 2025\"},{\"@type\":\"BreadcrumbList\",\"@id\":\"http:\/\/breakingnewsfront.com\/tendencias-de-sociedad-para-2025-que-cambia-y-por-que\/#breadcrumb\",\"itemListElement\":[{\"@type\":\"ListItem\",\"position\":1,\"name\":\"Home\",\"item\":\"https:\/\/breakingnewsfront.com\/es\/\"},{\"@type\":\"ListItem\",\"position\":2,\"name\":\"Tendencias de sociedad para 2025: qu\u00e9 cambia y por qu\u00e9\"}]},{\"@type\":\"WebSite\",\"@id\":\"https:\/\/breakingnewsfront.com\/es\/#website\",\"url\":\"https:\/\/breakingnewsfront.com\/es\/\",\"name\":\"breakingnewsfront\",\"description\":\"\",\"publisher\":{\"@id\":\"https:\/\/breakingnewsfront.com\/es\/#organization\"},\"potentialAction\":[{\"@type\":\"SearchAction\",\"target\":{\"@type\":\"EntryPoint\",\"urlTemplate\":\"https:\/\/breakingnewsfront.com\/es\/?s={search_term_string}\"},\"query-input\":\"required name=search_term_string\"}],\"inLanguage\":\"es\"},{\"@type\":\"Organization\",\"@id\":\"https:\/\/breakingnewsfront.com\/es\/#organization\",\"name\":\"breakingnewsfront\",\"url\":\"https:\/\/breakingnewsfront.com\/es\/\",\"logo\":{\"@type\":\"ImageObject\",\"inLanguage\":\"es\",\"@id\":\"https:\/\/breakingnewsfront.com\/es\/#\/schema\/logo\/image\/\",\"url\":\"http:\/\/breakingnewsfront.com\/wp-content\/uploads\/sites\/98\/2024\/05\/cropped-cropped-BREAKING-NEWS-FRONT-1-2.png\",\"contentUrl\":\"http:\/\/breakingnewsfront.com\/wp-content\/uploads\/sites\/98\/2024\/05\/cropped-cropped-BREAKING-NEWS-FRONT-1-2.png\",\"width\":512,\"height\":512,\"caption\":\"breakingnewsfront\"},\"image\":{\"@id\":\"https:\/\/breakingnewsfront.com\/es\/#\/schema\/logo\/image\/\"}},{\"@type\":\"Person\",\"@id\":\"https:\/\/breakingnewsfront.com\/es\/#\/schema\/person\/00089a223ef6bc638e65578e97bf669d\",\"name\":\"Publishing Team\",\"image\":{\"@type\":\"ImageObject\",\"inLanguage\":\"es\",\"@id\":\"https:\/\/breakingnewsfront.com\/es\/#\/schema\/person\/image\/\",\"url\":\"http:\/\/2.gravatar.com\/avatar\/e5551cbd08ddeea8a3d8a11989e927c5?s=96&d=mm&r=g\",\"contentUrl\":\"http:\/\/2.gravatar.com\/avatar\/e5551cbd08ddeea8a3d8a11989e927c5?s=96&d=mm&r=g\",\"caption\":\"Publishing Team\"},\"description\":\"Publishing Team AV believes that good content is born from attention and sensitivity. Our focus is to understand what people truly need and transform that into clear, useful texts that feel close to the reader. We are a team that values listening, learning, and honest communication. We work with care in every detail, always aiming to deliver material that makes a real difference in the daily life of those who read it.\",\"url\":\"http:\/\/breakingnewsfront.com\/es_d\/author\/publishing\/\"}]}<\/script>\n<!-- \/ Yoast SEO Premium plugin. -->","yoast_head_json":{"title":"Tendencias de sociedad para 2025: qu\u00e9 cambia y por qu\u00e9","description":"Tendencias sociedad 2025: \u00bfQu\u00e9 cambios sociales nos esperan? An\u00e1lisis de las tendencias que definir\u00e1n el futuro de nuestra sociedad.","robots":{"index":"index","follow":"follow","max-snippet":"max-snippet:-1","max-image-preview":"max-image-preview:large","max-video-preview":"max-video-preview:-1"},"canonical":"http:\/\/breakingnewsfront.com\/es_d\/tendencias-de-sociedad-para-2025-que-cambia-y-por-que\/","og_locale":"es_ES","og_type":"article","og_title":"Tendencias de sociedad para 2025: qu\u00e9 cambia y por qu\u00e9","og_description":"Tendencias sociedad 2025: \u00bfQu\u00e9 cambios sociales nos esperan? An\u00e1lisis de las tendencias que definir\u00e1n el futuro de nuestra sociedad.","og_url":"http:\/\/breakingnewsfront.com\/es_d\/tendencias-de-sociedad-para-2025-que-cambia-y-por-que\/","og_site_name":"breakingnewsfront","article_published_time":"2025-09-12T15:06:00+00:00","article_modified_time":"2025-09-07T15:28:54+00:00","og_image":[{"width":960,"height":768,"url":"http:\/\/breakingnewsfront.com\/wp-content\/uploads\/sites\/98\/2025\/09\/tendencias-sociedad-2025.jpeg","type":"image\/jpeg"}],"author":"Publishing Team","twitter_card":"summary_large_image","twitter_misc":{"Written by":"Publishing Team","Est. reading time":"7 minutos"},"schema":{"@context":"https:\/\/schema.org","@graph":[{"@type":"Article","@id":"http:\/\/breakingnewsfront.com\/tendencias-de-sociedad-para-2025-que-cambia-y-por-que\/#article","isPartOf":{"@id":"http:\/\/breakingnewsfront.com\/tendencias-de-sociedad-para-2025-que-cambia-y-por-que\/"},"author":{"name":"Publishing Team","@id":"https:\/\/breakingnewsfront.com\/es\/#\/schema\/person\/00089a223ef6bc638e65578e97bf669d"},"headline":"Tendencias de sociedad para 2025: qu\u00e9 cambia y por qu\u00e9","datePublished":"2025-09-12T15:06:00+00:00","dateModified":"2025-09-07T15:28:54+00:00","mainEntityOfPage":{"@id":"http:\/\/breakingnewsfront.com\/tendencias-de-sociedad-para-2025-que-cambia-y-por-que\/"},"wordCount":1542,"publisher":{"@id":"https:\/\/breakingnewsfront.com\/es\/#organization"},"image":{"@id":"http:\/\/breakingnewsfront.com\/tendencias-de-sociedad-para-2025-que-cambia-y-por-que\/#primaryimage"},"thumbnailUrl":"http:\/\/breakingnewsfront.com\/wp-content\/uploads\/sites\/98\/2025\/09\/tendencias-sociedad-2025.jpeg","keywords":["Cambios Sociales 2025","Desarrollo sostenible","Futuro de la Sociedad","Impacto Tecnol\u00f3gico","Innovaci\u00f3n Social","Tendencias Sociales"],"articleSection":["Sociedad"],"inLanguage":"es"},{"@type":"WebPage","@id":"http:\/\/breakingnewsfront.com\/tendencias-de-sociedad-para-2025-que-cambia-y-por-que\/","url":"http:\/\/breakingnewsfront.com\/tendencias-de-sociedad-para-2025-que-cambia-y-por-que\/","name":"Tendencias de sociedad para 2025: qu\u00e9 cambia y por qu\u00e9","isPartOf":{"@id":"https:\/\/breakingnewsfront.com\/es\/#website"},"primaryImageOfPage":{"@id":"http:\/\/breakingnewsfront.com\/tendencias-de-sociedad-para-2025-que-cambia-y-por-que\/#primaryimage"},"image":{"@id":"http:\/\/breakingnewsfront.com\/tendencias-de-sociedad-para-2025-que-cambia-y-por-que\/#primaryimage"},"thumbnailUrl":"http:\/\/breakingnewsfront.com\/wp-content\/uploads\/sites\/98\/2025\/09\/tendencias-sociedad-2025.jpeg","datePublished":"2025-09-12T15:06:00+00:00","dateModified":"2025-09-07T15:28:54+00:00","description":"Tendencias sociedad 2025: \u00bfQu\u00e9 cambios sociales nos esperan? An\u00e1lisis de las tendencias que definir\u00e1n el futuro de nuestra sociedad.","breadcrumb":{"@id":"http:\/\/breakingnewsfront.com\/tendencias-de-sociedad-para-2025-que-cambia-y-por-que\/#breadcrumb"},"inLanguage":"es","potentialAction":[{"@type":"ReadAction","target":["http:\/\/breakingnewsfront.com\/tendencias-de-sociedad-para-2025-que-cambia-y-por-que\/"]}]},{"@type":"ImageObject","inLanguage":"es","@id":"http:\/\/breakingnewsfront.com\/tendencias-de-sociedad-para-2025-que-cambia-y-por-que\/#primaryimage","url":"http:\/\/breakingnewsfront.com\/wp-content\/uploads\/sites\/98\/2025\/09\/tendencias-sociedad-2025.jpeg","contentUrl":"http:\/\/breakingnewsfront.com\/wp-content\/uploads\/sites\/98\/2025\/09\/tendencias-sociedad-2025.jpeg","width":960,"height":768,"caption":"tendencias sociedad 2025"},{"@type":"BreadcrumbList","@id":"http:\/\/breakingnewsfront.com\/tendencias-de-sociedad-para-2025-que-cambia-y-por-que\/#breadcrumb","itemListElement":[{"@type":"ListItem","position":1,"name":"Home","item":"https:\/\/breakingnewsfront.com\/es\/"},{"@type":"ListItem","position":2,"name":"Tendencias de sociedad para 2025: qu\u00e9 cambia y por qu\u00e9"}]},{"@type":"WebSite","@id":"https:\/\/breakingnewsfront.com\/es\/#website","url":"https:\/\/breakingnewsfront.com\/es\/","name":"breakingnewsfront","description":"","publisher":{"@id":"https:\/\/breakingnewsfront.com\/es\/#organization"},"potentialAction":[{"@type":"SearchAction","target":{"@type":"EntryPoint","urlTemplate":"https:\/\/breakingnewsfront.com\/es\/?s={search_term_string}"},"query-input":"required name=search_term_string"}],"inLanguage":"es"},{"@type":"Organization","@id":"https:\/\/breakingnewsfront.com\/es\/#organization","name":"breakingnewsfront","url":"https:\/\/breakingnewsfront.com\/es\/","logo":{"@type":"ImageObject","inLanguage":"es","@id":"https:\/\/breakingnewsfront.com\/es\/#\/schema\/logo\/image\/","url":"http:\/\/breakingnewsfront.com\/wp-content\/uploads\/sites\/98\/2024\/05\/cropped-cropped-BREAKING-NEWS-FRONT-1-2.png","contentUrl":"http:\/\/breakingnewsfront.com\/wp-content\/uploads\/sites\/98\/2024\/05\/cropped-cropped-BREAKING-NEWS-FRONT-1-2.png","width":512,"height":512,"caption":"breakingnewsfront"},"image":{"@id":"https:\/\/breakingnewsfront.com\/es\/#\/schema\/logo\/image\/"}},{"@type":"Person","@id":"https:\/\/breakingnewsfront.com\/es\/#\/schema\/person\/00089a223ef6bc638e65578e97bf669d","name":"Publishing Team","image":{"@type":"ImageObject","inLanguage":"es","@id":"https:\/\/breakingnewsfront.com\/es\/#\/schema\/person\/image\/","url":"http:\/\/2.gravatar.com\/avatar\/e5551cbd08ddeea8a3d8a11989e927c5?s=96&d=mm&r=g","contentUrl":"http:\/\/2.gravatar.com\/avatar\/e5551cbd08ddeea8a3d8a11989e927c5?s=96&d=mm&r=g","caption":"Publishing Team"},"description":"Publishing Team AV believes that good content is born from attention and sensitivity. Our focus is to understand what people truly need and transform that into clear, useful texts that feel close to the reader. We are a team that values listening, learning, and honest communication. We work with care in every detail, always aiming to deliver material that makes a real difference in the daily life of those who read it.","url":"http:\/\/breakingnewsfront.com\/es_d\/author\/publishing\/"}]}},"_links":{"self":[{"href":"http:\/\/breakingnewsfront.com\/es_d\/wp-json\/wp\/v2\/posts\/3382"}],"collection":[{"href":"http:\/\/breakingnewsfront.com\/es_d\/wp-json\/wp\/v2\/posts"}],"about":[{"href":"http:\/\/breakingnewsfront.com\/es_d\/wp-json\/wp\/v2\/types\/post"}],"author":[{"embeddable":true,"href":"http:\/\/breakingnewsfront.com\/es_d\/wp-json\/wp\/v2\/users\/50"}],"replies":[{"embeddable":true,"href":"http:\/\/breakingnewsfront.com\/es_d\/wp-json\/wp\/v2\/comments?post=3382"}],"version-history":[{"count":2,"href":"http:\/\/breakingnewsfront.com\/es_d\/wp-json\/wp\/v2\/posts\/3382\/revisions"}],"predecessor-version":[{"id":3394,"href":"http:\/\/breakingnewsfront.com\/es_d\/wp-json\/wp\/v2\/posts\/3382\/revisions\/3394"}],"wp:featuredmedia":[{"embeddable":true,"href":"http:\/\/breakingnewsfront.com\/es_d\/wp-json\/wp\/v2\/media\/3383"}],"wp:attachment":[{"href":"http:\/\/breakingnewsfront.com\/es_d\/wp-json\/wp\/v2\/media?parent=3382"}],"wp:term":[{"taxonomy":"category","embeddable":true,"href":"http:\/\/breakingnewsfront.com\/es_d\/wp-json\/wp\/v2\/categories?post=3382"},{"taxonomy":"post_tag","embeddable":true,"href":"http:\/\/breakingnewsfront.com\/es_d\/wp-json\/wp\/v2\/tags?post=3382"}],"curies":[{"name":"wp","href":"https:\/\/api.w.org\/{rel}","templated":true}]}}